{"id":32197,"date":"2025-02-09T10:27:55","date_gmt":"2025-02-09T09:27:55","guid":{"rendered":"http:\/\/lesptitsbouchons37.org\/?p=32197"},"modified":"2025-09-22T20:47:33","modified_gmt":"2025-09-22T18:47:33","slug":"le-pot-au-feu-geant-aux-halles-de-tours","status":"publish","type":"post","link":"https:\/\/lesptitsbouchons37.org\/index.php\/2025\/02\/09\/le-pot-au-feu-geant-aux-halles-de-tours\/","title":{"rendered":"Le Pot au Feu G\u00e9ant aux Halles de Tours le 8 f\u00e9vrier 2025"},"content":{"rendered":"\n<p><br>Les Ptits Bouchons 37 ont particip\u00e9 \u00e0 cette journ\u00e9e festive, au profit des Restos du C\u0153ur.<\/p>\n\n\n\n<p>8 b\u00e9n\u00e9voles se sont succ\u00e9d\u00e9s pour tenir le stand, pr\u00e9senter l&#8217;association et collecter des bouchons !<\/p>\n\n\n\n<p>L&#8217;occasion de rencontrer d&#8217;autres associations et de partager.<\/p>\n\n\n\n<p>Nous avons aussi d\u00e9gust\u00e9 le d\u00e9licieux pot au feu .<\/p>\n\n\n\n<p>Merci aux cuisiniers pour cette recette nouvelle et pour la qualit\u00e9 des ingr\u00e9dients.<\/p>\n\n\n\n<figure class=\"wp-block-image size-large\"><img loading=\"lazy\" decoding=\"async\" width=\"1024\" height=\"768\" src=\"https:\/\/lesptitsbouchons37.org\/wp-content\/uploads\/2025\/02\/20250208_134606-1024x768.jpg\" alt=\"\" class=\"wp-image-32199\" srcset=\"https:\/\/lesptitsbouchons37.org\/wp-content\/uploads\/2025\/02\/20250208_134606-1024x768.jpg 1024w, https:\/\/lesptitsbouchons37.org\/wp-content\/uploads\/2025\/02\/20250208_134606-300x225.jpg 300w, https:\/\/lesptitsbouchons37.org\/wp-content\/uploads\/2025\/02\/20250208_134606-768x576.jpg 768w, https:\/\/lesptitsbouchons37.org\/wp-content\/uploads\/2025\/02\/20250208_134606-1536x1152.jpg 1536w, https:\/\/lesptitsbouchons37.org\/wp-content\/uploads\/2025\/02\/20250208_134606-2048x1536.jpg 2048w, https:\/\/lesptitsbouchons37.org\/wp-content\/uploads\/2025\/02\/20250208_134606-135x100.jpg 135w\" sizes=\"auto, (max-width: 1024px) 100vw, 1024px\" \/><\/figure>\n\n\n\n<p><\/p>\n\n\n\n<p><\/p>\n","protected":false},"excerpt":{"rendered":"<p>Les Ptits Bouchons 37 ont particip\u00e9 \u00e0 cette journ\u00e9e festive, au profit des Restos du C\u0153ur. 8 b\u00e9n\u00e9voles se sont succ\u00e9d\u00e9s pour tenir le stand, pr\u00e9senter l&#8217;association et collecter des [&hellip;]<\/p>\n","protected":false},"author":4,"featured_media":0,"comment_status":"closed","ping_status":"closed","sticky":false,"template":"","format":"standard","meta":{"ngg_post_thumbnail":0,"footnotes":""},"categories":[1],"tags":[],"class_list":["post-32197","post","type-post","status-publish","format-standard","hentry","category-non-classe"],"_links":{"self":[{"href":"https:\/\/lesptitsbouchons37.org\/index.php\/wp-json\/wp\/v2\/posts\/32197","targetHints":{"allow":["GET"]}}],"collection":[{"href":"https:\/\/lesptitsbouchons37.org\/index.php\/wp-json\/wp\/v2\/posts"}],"about":[{"href":"https:\/\/lesptitsbouchons37.org\/index.php\/wp-json\/wp\/v2\/types\/post"}],"author":[{"embeddable":true,"href":"https:\/\/lesptitsbouchons37.org\/index.php\/wp-json\/wp\/v2\/users\/4"}],"replies":[{"embeddable":true,"href":"https:\/\/lesptitsbouchons37.org\/index.php\/wp-json\/wp\/v2\/comments?post=32197"}],"version-history":[{"count":3,"href":"https:\/\/lesptitsbouchons37.org\/index.php\/wp-json\/wp\/v2\/posts\/32197\/revisions"}],"predecessor-version":[{"id":32202,"href":"https:\/\/lesptitsbouchons37.org\/index.php\/wp-json\/wp\/v2\/posts\/32197\/revisions\/32202"}],"wp:attachment":[{"href":"https:\/\/lesptitsbouchons37.org\/index.php\/wp-json\/wp\/v2\/media?parent=32197"}],"wp:term":[{"taxonomy":"category","embeddable":true,"href":"https:\/\/lesptitsbouchons37.org\/index.php\/wp-json\/wp\/v2\/categories?post=32197"},{"taxonomy":"post_tag","embeddable":true,"href":"https:\/\/lesptitsbouchons37.org\/index.php\/wp-json\/wp\/v2\/tags?post=32197"}],"curies":[{"name":"wp","href":"https:\/\/api.w.org\/{rel}","templated":true}]}}