{"id":32229,"date":"2025-09-12T15:37:01","date_gmt":"2025-09-12T13:37:01","guid":{"rendered":"http:\/\/lesptitsbouchons37.org\/?p=32229"},"modified":"2025-09-22T20:55:10","modified_gmt":"2025-09-22T18:55:10","slug":"une-rentree-dynamique-sous-le-signe-de-la-solidarite","status":"publish","type":"post","link":"https:\/\/lesptitsbouchons37.org\/index.php\/2025\/09\/12\/une-rentree-dynamique-sous-le-signe-de-la-solidarite\/","title":{"rendered":"Une rentr\u00e9e dynamique sous le signe de la solidarit\u00e9."},"content":{"rendered":"\n<p>Apr\u00e8s un \u00e9t\u00e9 sans interruption pour ses activit\u00e9s, l\u2019association Les Ptits Bouchons 37 a relanc\u00e9 sa rentr\u00e9e avec un calendrier charg\u00e9.<\/p>\n\n\n\n<p>Elle \u00e9tait pr\u00e9sente sur le d\u00e9partement lors des Forums des Associations de Cinq-Mars-La-Pile, Esvres, Genill\u00e9 et Villaines-Les-Rochers. \u00c9galement, et pour la premi\u00e8re ann\u00e9e, invit\u00e9e par la Mairie de Tours, elle a particip\u00e9 \u00e0 la Braderie de ce dimanche 7 septembre. Ces moments de convivialit\u00e9 ont permis de mieux faire conna\u00eetre l\u2019association aupr\u00e8s du public et de recruter de nouveaux soutiens. Elle a salu\u00e9 la richesse de toutes les rencontres r\u00e9alis\u00e9es lors de ces \u00e9v\u00e8nements.<\/p>\n\n\n\n<p>Lundi 8 septembre, elle a tenu son conseil d\u2019administration de rentr\u00e9e. Autour de la table, les pr\u00e9sents ont tout d\u2019abord accueilli un nouveau membre, \u00e9lue lors de la derni\u00e8re assembl\u00e9e g\u00e9n\u00e9rale, en la pr\u00e9sence de Morgane, qu\u2019ils remercient de son engagement. Elle a ensuite abord\u00e9 un ordre du jour dense, t\u00e9moignant de l\u2019activit\u00e9 croissante au service de la solidarit\u00e9 et de l\u2019environnement (recyclage et valorisation des bouchons et couvercles).<\/p>\n\n\n\n<p>Une large partie des \u00e9changes a port\u00e9 sur le suivi et le financement des dossiers de demandes d\u2019aides, c\u0153ur de la mission de l\u2019asso. Ainsi le conseil d\u2019administration a \u00e9tudi\u00e9 et financ\u00e9 trois demandes pour un montant total de 1 210,00 \u20ac. Plusieurs autres dossiers sont en cours de traitement et seront \u00e9tudi\u00e9s lors de la prochaine r\u00e9union pr\u00e9vue en d\u00e9but novembre.<\/p>\n\n\n\n<p>Ce mercredi, vers la Belgique, elle a fait partir un chargement de bouchons en faux li\u00e8ge de 1,560 tonne, pour recyclage (en pots de fleurs et seaux \u00e0 champagne), permettant ainsi d\u2019assurer une nouvelle rentr\u00e9e financi\u00e8re. L\u2019association remercie \u00e0 cette occasion, l\u2019entreprise Fareva de Poc\u00e9-Sur-Cisse pour lui avoir offert deux rouleaux de films \u00e9tirables, lui permettant ainsi de r\u00e9pondre aux exigences de transport.<\/p>\n\n\n\n<p>Quelques investissements se pr\u00e9voient, pour am\u00e9liorer les conditions de travail des b\u00e9n\u00e9voles sur le terrain (acquisition d\u2019une nouvelle table de tri et d\u2019un barnum \u00e0 installer selon la m\u00e9t\u00e9o). L\u2019association remercie par avance toute proposition de partenariat et\/ou de sponsor pour financer ces projets.<\/p>\n\n\n\n<p>Un \u00e9v\u00e8nement majeur, le T\u00e9l\u00e9thon, se pr\u00e9voit le samedi 6 d\u00e9cembre. Comme tous les ans, Les Ptits Bouchons 37 seront un fid\u00e8le partenaire de cette manifestation.<\/p>\n\n\n\n<figure class=\"wp-block-image size-large\"><img loading=\"lazy\" decoding=\"async\" width=\"1024\" height=\"768\" src=\"https:\/\/lesptitsbouchons37.org\/wp-content\/uploads\/2025\/09\/2025-09-07-Braderie-de-Tours-1024x768.jpg\" alt=\"\" class=\"wp-image-32231\" srcset=\"https:\/\/lesptitsbouchons37.org\/wp-content\/uploads\/2025\/09\/2025-09-07-Braderie-de-Tours-1024x768.jpg 1024w, https:\/\/lesptitsbouchons37.org\/wp-content\/uploads\/2025\/09\/2025-09-07-Braderie-de-Tours-300x225.jpg 300w, https:\/\/lesptitsbouchons37.org\/wp-content\/uploads\/2025\/09\/2025-09-07-Braderie-de-Tours-768x576.jpg 768w, https:\/\/lesptitsbouchons37.org\/wp-content\/uploads\/2025\/09\/2025-09-07-Braderie-de-Tours-1536x1152.jpg 1536w, https:\/\/lesptitsbouchons37.org\/wp-content\/uploads\/2025\/09\/2025-09-07-Braderie-de-Tours-2048x1536.jpg 2048w, https:\/\/lesptitsbouchons37.org\/wp-content\/uploads\/2025\/09\/2025-09-07-Braderie-de-Tours-135x100.jpg 135w\" sizes=\"auto, (max-width: 1024px) 100vw, 1024px\" \/><\/figure>\n\n\n\n<figure class=\"wp-block-image size-large\"><img loading=\"lazy\" decoding=\"async\" width=\"768\" height=\"1024\" src=\"https:\/\/lesptitsbouchons37.org\/wp-content\/uploads\/2025\/09\/20250910_074259-1-768x1024.jpg\" alt=\"\" class=\"wp-image-32232\" srcset=\"https:\/\/lesptitsbouchons37.org\/wp-content\/uploads\/2025\/09\/20250910_074259-1-768x1024.jpg 768w, https:\/\/lesptitsbouchons37.org\/wp-content\/uploads\/2025\/09\/20250910_074259-1-225x300.jpg 225w, https:\/\/lesptitsbouchons37.org\/wp-content\/uploads\/2025\/09\/20250910_074259-1-1152x1536.jpg 1152w, https:\/\/lesptitsbouchons37.org\/wp-content\/uploads\/2025\/09\/20250910_074259-1-1536x2048.jpg 1536w, https:\/\/lesptitsbouchons37.org\/wp-content\/uploads\/2025\/09\/20250910_074259-1-scaled.jpg 1920w\" sizes=\"auto, (max-width: 768px) 100vw, 768px\" \/><\/figure>\n","protected":false},"excerpt":{"rendered":"<p>Apr\u00e8s un \u00e9t\u00e9 sans interruption pour ses activit\u00e9s, l\u2019association Les Ptits Bouchons 37 a relanc\u00e9 sa rentr\u00e9e avec un calendrier charg\u00e9. Elle \u00e9tait pr\u00e9sente sur le d\u00e9partement lors des Forums [&hellip;]<\/p>\n","protected":false},"author":4,"featured_media":0,"comment_status":"closed","ping_status":"closed","sticky":false,"template":"","format":"standard","meta":{"ngg_post_thumbnail":0,"footnotes":""},"categories":[1],"tags":[17,18,15,16],"class_list":["post-32229","post","type-post","status-publish","format-standard","hentry","category-non-classe","tag-bouchons","tag-forum-des-associations","tag-les-ptits-bouchons-37","tag-rentree"],"_links":{"self":[{"href":"https:\/\/lesptitsbouchons37.org\/index.php\/wp-json\/wp\/v2\/posts\/32229","targetHints":{"allow":["GET"]}}],"collection":[{"href":"https:\/\/lesptitsbouchons37.org\/index.php\/wp-json\/wp\/v2\/posts"}],"about":[{"href":"https:\/\/lesptitsbouchons37.org\/index.php\/wp-json\/wp\/v2\/types\/post"}],"author":[{"embeddable":true,"href":"https:\/\/lesptitsbouchons37.org\/index.php\/wp-json\/wp\/v2\/users\/4"}],"replies":[{"embeddable":true,"href":"https:\/\/lesptitsbouchons37.org\/index.php\/wp-json\/wp\/v2\/comments?post=32229"}],"version-history":[{"count":1,"href":"https:\/\/lesptitsbouchons37.org\/index.php\/wp-json\/wp\/v2\/posts\/32229\/revisions"}],"predecessor-version":[{"id":32233,"href":"https:\/\/lesptitsbouchons37.org\/index.php\/wp-json\/wp\/v2\/posts\/32229\/revisions\/32233"}],"wp:attachment":[{"href":"https:\/\/lesptitsbouchons37.org\/index.php\/wp-json\/wp\/v2\/media?parent=32229"}],"wp:term":[{"taxonomy":"category","embeddable":true,"href":"https:\/\/lesptitsbouchons37.org\/index.php\/wp-json\/wp\/v2\/categories?post=32229"},{"taxonomy":"post_tag","embeddable":true,"href":"https:\/\/lesptitsbouchons37.org\/index.php\/wp-json\/wp\/v2\/tags?post=32229"}],"curies":[{"name":"wp","href":"https:\/\/api.w.org\/{rel}","templated":true}]}}